{"id":675,"date":"2026-03-17T15:15:24","date_gmt":"2026-03-17T14:15:24","guid":{"rendered":"https:\/\/schneesport-schule.de\/?p=675"},"modified":"2026-03-17T15:15:24","modified_gmt":"2026-03-17T14:15:24","slug":"saisonabschluss-10-bis-12-april-2026","status":"publish","type":"post","link":"https:\/\/schneesport-schule.de\/?p=675","title":{"rendered":"Saisonabschluss 10.\u00a0bis 12. April\u00a02026"},"content":{"rendered":"<p style=\"margin: 0cm;\"><span style=\"font-family: 'Helvetica',sans-serif;\">unser gemeinsames Saisonabschlusswochenende\u00a0in Neukirchen steht bevor.<\/span><\/p>\n<p style=\"margin: 0cm; font-variant-caps: normal; font-width: normal; font-size-adjust: none; font-kerning: auto; font-variant-alternates: normal; font-variant-ligatures: normal; font-variant-numeric: normal; font-variant-east-asian: normal; font-variant-position: normal; font-variant-emoji: normal; font-feature-settings: normal; font-optical-sizing: auto; font-variation-settings: normal; -webkit-text-stroke-width: 0px; -webkit-text-stroke-color: #000000;\"><span style=\"font-kerning: none;\"><span style=\"font-family: 'Helvetica',sans-serif;\">Es wird vom\u00a010.\u00a0bis 12. April\u00a02026\u00a0stattfinden. Das ist das letzte Wochenende der Osterferien und auch der tats\u00e4chliche Saisonabschluss in Neukirchen.<\/span><\/span><\/p>\n<p style=\"margin: 0cm; font-variant-caps: normal; font-width: normal; font-size-adjust: none; font-kerning: auto; font-variant-alternates: normal; font-variant-ligatures: normal; font-variant-numeric: normal; font-variant-east-asian: normal; font-variant-position: normal; font-variant-emoji: normal; font-feature-settings: normal; font-optical-sizing: auto; font-variation-settings: normal; -webkit-text-stroke-width: 0px; -webkit-text-stroke-color: #000000;\"><span style=\"font-kerning: none;\"><span style=\"font-family: 'Helvetica',sans-serif;\">Bitte sagt euren Schulskilehrerinnen und -skilehrern bescheid, ihr seid alle recht herzlich eingeladen.<\/span><\/span><\/p>\n<p style=\"margin: 0cm; font-variant-caps: normal; font-width: normal; font-size-adjust: none; font-kerning: auto; font-variant-alternates: normal; font-variant-ligatures: normal; font-variant-numeric: normal; font-variant-east-asian: normal; font-variant-position: normal; font-variant-emoji: normal; font-feature-settings: normal; font-optical-sizing: auto; font-variation-settings: normal; -webkit-text-stroke-width: 0px; -webkit-text-stroke-color: #000000;\"><span style=\"font-kerning: none;\"><span style=\"font-family: 'Helvetica',sans-serif;\">Die Liftp\u00e4sse (vom 10.-12.04.2026) spendiert dankenswerterweise wieder die Wildkogelbahn und es wird voraussichtlich am Samstag Mittag auch wieder eine Jause im Bergrestaurant geben.<\/span><\/span><\/p>\n<p style=\"margin: 0cm; font-variant-caps: normal; font-width: normal; font-size-adjust: none; font-kerning: auto; font-variant-alternates: normal; font-variant-ligatures: normal; font-variant-numeric: normal; font-variant-east-asian: normal; font-variant-position: normal; font-variant-emoji: normal; font-feature-settings: normal; font-optical-sizing: auto; font-variation-settings: normal; -webkit-text-stroke-width: 0px; -webkit-text-stroke-color: #000000;\"><span style=\"font-kerning: none;\"><span style=\"font-family: 'Helvetica',sans-serif;\">Um eine Unterkunft m\u00fcsst ihr euch selbst k\u00fcmmern.<\/span><\/span><\/p>\n<p style=\"margin: 0cm; font-variant-caps: normal; font-width: normal; font-size-adjust: none; font-kerning: auto; font-variant-alternates: normal; font-variant-ligatures: normal; font-variant-numeric: normal; font-variant-east-asian: normal; font-variant-position: normal; font-variant-emoji: normal; font-feature-settings: normal; font-optical-sizing: auto; font-variation-settings: normal; -webkit-text-stroke-width: 0px; -webkit-text-stroke-color: #000000;\"><span style=\"font-kerning: none;\"><span style=\"font-family: 'Helvetica',sans-serif;\">\u00a0<\/span><\/span><\/p>\n<p style=\"margin: 0cm; font-variant-caps: normal; font-width: normal; font-size-adjust: none; font-kerning: auto; font-variant-alternates: normal; font-variant-ligatures: normal; font-variant-numeric: normal; font-variant-east-asian: normal; font-variant-position: normal; font-variant-emoji: normal; font-feature-settings: normal; font-optical-sizing: auto; font-variation-settings: normal; -webkit-text-stroke-width: 0px; -webkit-text-stroke-color: #000000;\"><span style=\"font-kerning: none;\"><span style=\"font-family: 'Helvetica',sans-serif;\">Wenn ihr wisst, mit wie vielen Personen ihr kommt, dann schreibt mir doch bitte eine E-Mail bis Ende M\u00e4rz, so dass wir eine \u00dcbersicht \u00fcber die Anzahl haben.\u00a0<\/span><\/span><\/p>\n<p style=\"margin: 0cm; font-variant-caps: normal; font-width: normal; font-size-adjust: none; font-kerning: auto; font-variant-alternates: normal; font-variant-ligatures: normal; font-variant-numeric: normal; font-variant-east-asian: normal; font-variant-position: normal; font-variant-emoji: normal; font-feature-settings: normal; font-optical-sizing: auto; font-variation-settings: normal; -webkit-text-stroke-width: 0px; -webkit-text-stroke-color: #000000;\"><span style=\"font-kerning: none;\"><span style=\"font-family: 'Helvetica',sans-serif;\">Ich brauche dann neben der Schule die Namen aller Personen, die ihr mitbringt, um diese an der Kasse f\u00fcr die Liftkarten zu hinterlegen.<\/span><\/span><\/p>\n<p style=\"margin: 0cm; font-variant-caps: normal; font-width: normal; font-size-adjust: none; font-kerning: auto; font-variant-alternates: normal; font-variant-ligatures: normal; font-variant-numeric: normal; font-variant-east-asian: normal; font-variant-position: normal; font-variant-emoji: normal; font-feature-settings: normal; font-optical-sizing: auto; font-variation-settings: normal; -webkit-text-stroke-width: 0px; -webkit-text-stroke-color: #000000;\"><span style=\"font-kerning: none;\"><span style=\"font-family: 'Helvetica',sans-serif;\">\u00a0<\/span><\/span><\/p>\n<p style=\"margin: 0cm; font-variant-caps: normal; font-width: normal; font-size-adjust: none; font-kerning: auto; font-variant-alternates: normal; font-variant-ligatures: normal; font-variant-numeric: normal; font-variant-east-asian: normal; font-variant-position: normal; font-variant-emoji: normal; font-feature-settings: normal; font-optical-sizing: auto; font-variation-settings: normal; -webkit-text-stroke-width: 0px; -webkit-text-stroke-color: #000000;\"><span style=\"font-kerning: none;\"><span style=\"font-family: 'Helvetica',sans-serif;\">Wir freuen uns auf ein sch\u00f6nes letztes Skiwochenende.<\/span><\/span><\/p>\n<p style=\"margin: 0cm; font-variant-caps: normal; font-width: normal; font-size-adjust: none; font-kerning: auto; font-variant-alternates: normal; font-variant-ligatures: normal; font-variant-numeric: normal; font-variant-east-asian: normal; font-variant-position: normal; font-variant-emoji: normal; font-feature-settings: normal; font-optical-sizing: auto; font-variation-settings: normal; -webkit-text-stroke-width: 0px; -webkit-text-stroke-color: #000000;\"><span style=\"font-kerning: none;\"><span style=\"font-family: 'Helvetica',sans-serif;\">\u00a0<\/span><\/span><\/p>\n<p style=\"margin: 0cm; font-variant-caps: normal; font-width: normal; font-size-adjust: none; font-kerning: auto; font-variant-alternates: normal; font-variant-ligatures: normal; font-variant-numeric: normal; font-variant-east-asian: normal; font-variant-position: normal; font-variant-emoji: normal; font-feature-settings: normal; font-optical-sizing: auto; font-variation-settings: normal; -webkit-text-stroke-width: 0px; -webkit-text-stroke-color: #000000;\"><span style=\"font-kerning: none;\"><span style=\"font-family: 'Helvetica',sans-serif;\">Euer Vorstand<\/span><\/span><\/p>\n<p style=\"margin: 0cm; font-variant-caps: normal; font-width: normal; font-size-adjust: none; font-kerning: auto; font-variant-alternates: normal; font-variant-ligatures: normal; font-variant-numeric: normal; font-variant-east-asian: normal; font-variant-position: normal; font-variant-emoji: normal; font-feature-settings: normal; font-optical-sizing: auto; font-variation-settings: normal; -webkit-text-stroke-width: 0px; -webkit-text-stroke-color: #000000;\"><span style=\"font-kerning: none;\"><span style=\"font-family: 'Helvetica',sans-serif;\">\u00a0<\/span><\/span><\/p>\n<p style=\"margin: 0cm; font-variant-caps: normal; font-width: normal; font-size-adjust: none; font-kerning: auto; font-variant-alternates: normal; font-variant-ligatures: normal; font-variant-numeric: normal; font-variant-east-asian: normal; font-variant-position: normal; font-variant-emoji: normal; font-feature-settings: normal; font-optical-sizing: auto; font-variation-settings: normal; -webkit-text-stroke-width: 0px; -webkit-text-stroke-color: #000000;\"><span style=\"font-kerning: none;\"><span style=\"font-family: 'Helvetica',sans-serif;\">Constanze, Isabel, Ulrike und Sven<\/span><\/span><\/p>\n","protected":false},"excerpt":{"rendered":"<p>unser gemeinsames Saisonabschlusswochenende\u00a0in Neukirchen steht bevor. Es wird vom\u00a010.\u00a0bis 12. April\u00a02026\u00a0stattfinden. Das ist das letzte Wochenende der Osterferien und auch der tats\u00e4chliche Saisonabschluss in Neukirchen. Bitte sagt euren Schulskilehrerinnen und -skilehrern bescheid, ihr seid alle recht herzlich eingeladen. Die Liftp\u00e4sse (vom 10.-12.04.2026) spendiert dankenswerterweise wieder die Wildkogelbahn und es wird voraussichtlich am Samstag Mittag auch &hellip; <a href=\"https:\/\/schneesport-schule.de\/?p=675\" class=\"more-link\"><span class=\"screen-reader-text\">Saisonabschluss 10.\u00a0bis 12. April\u00a02026<\/span> weiterlesen <span class=\"meta-nav\">&rarr;<\/span><\/a><\/p>\n","protected":false},"author":1,"featured_media":0,"comment_status":"closed","ping_status":"closed","sticky":false,"template":"","format":"standard","meta":{"_jetpack_memberships_contains_paid_content":false,"footnotes":""},"categories":[1],"tags":[],"class_list":["post-675","post","type-post","status-publish","format-standard","hentry","category-uncategorized"],"jetpack_featured_media_url":"","jetpack-related-posts":[],"jetpack_sharing_enabled":true,"_links":{"self":[{"href":"https:\/\/schneesport-schule.de\/index.php?rest_route=\/wp\/v2\/posts\/675","targetHints":{"allow":["GET"]}}],"collection":[{"href":"https:\/\/schneesport-schule.de\/index.php?rest_route=\/wp\/v2\/posts"}],"about":[{"href":"https:\/\/schneesport-schule.de\/index.php?rest_route=\/wp\/v2\/types\/post"}],"author":[{"embeddable":true,"href":"https:\/\/schneesport-schule.de\/index.php?rest_route=\/wp\/v2\/users\/1"}],"replies":[{"embeddable":true,"href":"https:\/\/schneesport-schule.de\/index.php?rest_route=%2Fwp%2Fv2%2Fcomments&post=675"}],"version-history":[{"count":1,"href":"https:\/\/schneesport-schule.de\/index.php?rest_route=\/wp\/v2\/posts\/675\/revisions"}],"predecessor-version":[{"id":676,"href":"https:\/\/schneesport-schule.de\/index.php?rest_route=\/wp\/v2\/posts\/675\/revisions\/676"}],"wp:attachment":[{"href":"https:\/\/schneesport-schule.de\/index.php?rest_route=%2Fwp%2Fv2%2Fmedia&parent=675"}],"wp:term":[{"taxonomy":"category","embeddable":true,"href":"https:\/\/schneesport-schule.de\/index.php?rest_route=%2Fwp%2Fv2%2Fcategories&post=675"},{"taxonomy":"post_tag","embeddable":true,"href":"https:\/\/schneesport-schule.de\/index.php?rest_route=%2Fwp%2Fv2%2Ftags&post=675"}],"curies":[{"name":"wp","href":"https:\/\/api.w.org\/{rel}","templated":true}]}}